{"id":1766,"date":"2010-07-22T09:53:02","date_gmt":"2010-07-22T14:53:02","guid":{"rendered":"https:\/\/www.aberfoylesecurity.com\/?p=1766"},"modified":"2016-05-10T09:53:19","modified_gmt":"2016-05-10T14:53:19","slug":"turkey-turns-to-enhanced-intelligence-and-professional-army-to-fight-terrorism","status":"publish","type":"post","link":"https:\/\/www.aberfoylesecurity.com\/?p=1766","title":{"rendered":"Turkey Turns to Enhanced Intelligence and Professional Army to Fight Terrorism"},"content":{"rendered":"<p><strong>Andrew McGregor<\/strong><\/p>\n<p><strong>July 22, 2010<\/strong><\/p>\n<p>Rather than rotating short-enlistment conscript troops in and out of a completely unfamiliar battlefield, soldiers of a new Turkish paramilitary counter-terrorism force will live in the mountains of southeastern Turkey for the duration of their five-year enlistment. There, the soldiers will strike in accordance with real-time intelligence rather than man static positions in the government\u2019s campaign against Kurdish militants of the Partiya Karkeren Kurdistan (PKK &#8211; Kurdistan Workers Party).<\/p>\n<p style=\"text-align: center;\">\u00a0<a href=\"https:\/\/www.aberfoylesecurity.com\/wp-content\/uploads\/2016\/05\/Turkish-CT.jpg\" rel=\"attachment wp-att-1768\"><img loading=\"lazy\" decoding=\"async\" class=\"aligncenter size-full wp-image-1768\" src=\"https:\/\/www.aberfoylesecurity.com\/wp-content\/uploads\/2016\/05\/Turkish-CT.jpg\" alt=\"Turkish CT\" width=\"777\" height=\"404\" srcset=\"https:\/\/www.aberfoylesecurity.com\/wp-content\/uploads\/2016\/05\/Turkish-CT.jpg 777w, https:\/\/www.aberfoylesecurity.com\/wp-content\/uploads\/2016\/05\/Turkish-CT-300x156.jpg 300w, https:\/\/www.aberfoylesecurity.com\/wp-content\/uploads\/2016\/05\/Turkish-CT-768x399.jpg 768w, https:\/\/www.aberfoylesecurity.com\/wp-content\/uploads\/2016\/05\/Turkish-CT-500x260.jpg 500w\" sizes=\"auto, (max-width: 777px) 100vw, 777px\" \/><\/a><em><strong>Turkish Defense Minister Vecdi Gonul<\/strong><\/em><\/p>\n<p>In a press interview, Defense Minister Vecdi Gonul tried to describe the concept behind this new paramilitary:<\/p>\n<blockquote><p>Think of it as a long-service, salaried military service specializing in counter-terrorism. Right now the Gendarmes serve for four years. According to our ongoing studies, these personnel can also volunteer to do five years service and get a good salary. But when this period is up their ties with the state will end also. For example, they will not get a pension <em>(<\/em>Radikal <em>[Istanbul], July 17).<\/em><\/p><\/blockquote>\n<p>While Gonul says it has not yet been decided whether to go with fresh recruits under 25 or to recruit older, more experienced men who have completed their military service, he made it quite clear that applicants should not expect a career in state service.<\/p>\n<p>There has been some debate in the government as to whether the new force should come under the command of the police or the General Staff. Some reports suggest the Prime Minister favors a kind of joint command, such as that of the Gendarmerie, with some command functions under the General Staff and others under the newly created anti-terrorist Undersecretariat of Public Security (<em>Today\u2019s Zaman<\/em>, July 17).<\/p>\n<p>Prime Minister Recep Tayyip Erdogan has said efficiency will increase and losses will decrease by deploying a highly-trained force with knowledge of the local terrain and conditions: \u201cOur aim is to designate only professional personnel at our borders\u201d (J<em>ournal of the Turkish Weekly<\/em>, July 16). Deputy Premier Cemil Cicek insisted the new force would not be &#8220;a separate army or be under the responsibility of a separate commander,\u201d but suggested a professional formation specializing in counter-terrorism would be able to respond much more quickly to changes in terrorists\u2019 methods, targets and rhetoric. Moreover, by spending the term of their enlistment on the border, they will be able to \u201cdifferentiate between the terrorists and innocent people\u201d (WorldBulletin.net, July 17). Though the exact size of the force has yet to be determined, it is expected to consist of six brigades including six commando teams, a total of roughly 30,000 troops (<em>Milliyet<\/em>, July 15).<\/p>\n<p style=\"text-align: center;\"><a href=\"https:\/\/www.aberfoylesecurity.com\/wp-content\/uploads\/2016\/05\/Turkish-CT-2.jpg\" rel=\"attachment wp-att-1767\"><img loading=\"lazy\" decoding=\"async\" class=\"aligncenter wp-image-1767\" src=\"https:\/\/www.aberfoylesecurity.com\/wp-content\/uploads\/2016\/05\/Turkish-CT-2.jpg\" alt=\"Turkish CT 2\" width=\"367\" height=\"340\" \/><\/a><em><strong>Turkish Special Forces in Training<\/strong><\/em><\/p>\n<p>By constantly rotating men out of the force after their enlistment term is up and returning them to the private sector, the government appears to be trying to avoid the establishment of unauthorized units like the Jandarma Istihbarat ve Terorle Mucadele (JITEM), which ran a vicious war of its own in southeastern Turkey within the official command of the Gendarmerie (see <em>Eurasia Daily Monitor<\/em>, July 28, 2009). This was one of the concerns expressed by Demokratik Sol Parti (DSP \u2013 Democratic Left Party) leader Masum Turker in a meeting with the Prime Minister (<em>Today\u2019s Zaman<\/em>, July 16). The deputy chairman of the Cumhuriyet Halk Partisi (CHP &#8211; Republican People\u2019s Party), Akif Hamzacebi, warned that the new unit could develop into a parallel institution within the existing military (<em>Hurriyet<\/em>, July 14). Mehmet Sandir, the Deputy Chairman of the right-wing Milliyetci Hareket Partisi (MHP \u2013 Nationalist Movement Party) \u2013 currently in the midst of a feud with the Prime Minister \u2013 described the new force as \u201ca private army\u201d and insisted that \u201cTurkey\u2019s efforts to build a professional army outside of the TSK and in line with EU demands are inappropriate, insincere and lacking seriousness\u201d (<em>Today\u2019s Zaman<\/em>, July 16). The pro-Kurdish Baris ve Demokrasi Partisi (BDP &#8211; Peace and Democracy Party) warned that the new unit would only repeat the mistakes of special operations units in the southeastern provinces in the 1990s (<em>Today\u2019s Zaman<\/em>, July 17).<\/p>\n<p>The United States has indicated through its ambassador that it is ready to \u201creview urgently any new requests from the Turkish military or government regarding the PKK\u201d (AFP, June 21). The United States, which controls airspace over Iraq, has already given Turkey permission to fly its new Israeli-built Heron unmanned aerial vehicles (UAVs) over northern Iraq, providing the TSK with the type of real-time intelligence it complained it was not receiving on a steady basis from the United States (<em>Today\u2019s Zaman<\/em>, July 15). Turkey, however, is not neglecting its own intelligence capabilities. It is currently reassessing its intelligence network in the border region, with an eye to a new emphasis on the collection of human intelligence by the Milli Istihbarat Teskilati (MIT &#8211; National Intelligence Organization). The agency reportedly intends to deploy 2,000 agents in the region, many of them recruited locally (<em>Today\u2019s Zaman<\/em>, July 15).<\/p>\n<p>Disappointed in the many delays involved in delivery of the Israeli Herons, Turkey has commissioned Turkish Aerospace Industries (TAI) to build its own medium-altitude long-endurance UAVs. The first TIHA (Turk \u0130nsans\u0131z Hava Arac\u0131 \u2013 Turkish UAV) was completed on July 16 and delivery to the military will begin in 2011 (<em>Hurriyet<\/em>, July 15; <em>Today\u2019s Zaman<\/em>, June 30). The ten meter long UAV has advanced surveillance equipment, a ceiling of 30,000 feet and can remain in the air for 24 hours (TAI.com). There are also reports that Turkey is looking to purchase Predator and Reaper UAVs from the United States (<em>Today\u2019s Zaman<\/em>, July 15).<\/p>\n<p>The creation of the new counter-terrorist force may be seen as one phase in the TSK\u2019s gradual transition into a leaner, more professional force from its existing Cold War model of an oversized conscript army.<\/p>\n<p><em>This article first appeared in the July 22, 2010 issue of the Jamestown Foundation\u2019s Terrorism Monitor<\/em><\/p>\n<p>&nbsp;<\/p>\n","protected":false},"excerpt":{"rendered":"<p>Andrew McGregor July 22, 2010 Rather than rotating short-enlistment conscript troops in and out of a completely unfamiliar battlefield, soldiers of a new Turkish paramilitary counter-terrorism force will live in the mountains of southeastern Turkey for the duration of their &hellip; <a href=\"https:\/\/www.aberfoylesecurity.com\/?p=1766\">Continue reading <span class=\"meta-nav\">&rarr;<\/span><\/a><\/p>\n","protected":false},"author":2,"featured_media":0,"comment_status":"closed","ping_status":"open","sticky":false,"template":"","format":"standard","meta":{"footnotes":""},"categories":[27],"tags":[],"class_list":["post-1766","post","type-post","status-publish","format-standard","hentry","category-turkey"],"_links":{"self":[{"href":"https:\/\/www.aberfoylesecurity.com\/index.php?rest_route=\/wp\/v2\/posts\/1766","targetHints":{"allow":["GET"]}}],"collection":[{"href":"https:\/\/www.aberfoylesecurity.com\/index.php?rest_route=\/wp\/v2\/posts"}],"about":[{"href":"https:\/\/www.aberfoylesecurity.com\/index.php?rest_route=\/wp\/v2\/types\/post"}],"author":[{"embeddable":true,"href":"https:\/\/www.aberfoylesecurity.com\/index.php?rest_route=\/wp\/v2\/users\/2"}],"replies":[{"embeddable":true,"href":"https:\/\/www.aberfoylesecurity.com\/index.php?rest_route=%2Fwp%2Fv2%2Fcomments&post=1766"}],"version-history":[{"count":1,"href":"https:\/\/www.aberfoylesecurity.com\/index.php?rest_route=\/wp\/v2\/posts\/1766\/revisions"}],"predecessor-version":[{"id":1769,"href":"https:\/\/www.aberfoylesecurity.com\/index.php?rest_route=\/wp\/v2\/posts\/1766\/revisions\/1769"}],"wp:attachment":[{"href":"https:\/\/www.aberfoylesecurity.com\/index.php?rest_route=%2Fwp%2Fv2%2Fmedia&parent=1766"}],"wp:term":[{"taxonomy":"category","embeddable":true,"href":"https:\/\/www.aberfoylesecurity.com\/index.php?rest_route=%2Fwp%2Fv2%2Fcategories&post=1766"},{"taxonomy":"post_tag","embeddable":true,"href":"https:\/\/www.aberfoylesecurity.com\/index.php?rest_route=%2Fwp%2Fv2%2Ftags&post=1766"}],"curies":[{"name":"wp","href":"https:\/\/api.w.org\/{rel}","templated":true}]}}